{"id":396,"date":"2024-01-06T10:56:13","date_gmt":"2024-01-06T10:56:13","guid":{"rendered":"https:\/\/friede-freude-kindheit.de\/?p=396"},"modified":"2024-01-06T10:58:38","modified_gmt":"2024-01-06T10:58:38","slug":"jetzt-gibts-endlich-den-impulsvortrag-fuer-eltern","status":"publish","type":"post","link":"https:\/\/friede-freude-kindheit.de\/?p=396","title":{"rendered":"Jetzt gibt&#8217;s endlich den Impulsvortrag f\u00fcr Eltern!"},"content":{"rendered":"\n<p>Oft wurde ich gefragt, wie kommt es eigentlich, dass manche Kinder ge\u00e4rgert oder gar gemobbt werden und manche so gut wie gar nicht&#8230; Und was k\u00f6nnen die Eltern tun, um Mobbing vor zu beugen, bzw. zu beenden.<br>Diese Fragen und wodurch Mobbing \u00fcberhaupt entsteht, schauen wir in dem Impulsvortrag &#8222;Wie kann ich mein Kind vor Mobbing sch\u00fctzen?&#8220; gemeinsam an. Alltagshilfen zur Umsetzung und Zeit f\u00fcr  Gespr\u00e4che wird es ebenfalls an diesem Abend geben..<br>Der n\u00e4chste Vortrag findet am Mittwoch, den 24. Januar u. 17 Uhr in den R\u00e4umen der freien ev. Gemeinde statt..<br>Teilnahmegeb\u00fchr p. Erw 25\u20ac<br>Elternpaare 40\u20ac<br>Kinderkurs (Sa. 20.1.) &amp; Elternvortrag zusammen 70\u20ac (10\u20ac Rabatt)<br>Meldet euch gern \u00fcber den Kontaktbutton oder per WhatsApp<\/p>\n\n\n\n<p>Ich freu mich auf euch<\/p>\n","protected":false},"excerpt":{"rendered":"<p>Oft wurde ich gefragt, wie kommt es eigentlich, dass manche Kinder ge\u00e4rgert oder gar gemobbt werden und manche so gut wie gar nicht&#8230; Und was k\u00f6nnen die Eltern tun, um Mobbing vor zu beugen, bzw. zu beenden.Diese Fragen und wodurch [&hellip;]<\/p>\n","protected":false},"author":1,"featured_media":0,"comment_status":"open","ping_status":"open","sticky":true,"template":"","format":"standard","meta":{"footnotes":""},"categories":[1],"tags":[],"class_list":["post-396","post","type-post","status-publish","format-standard","hentry","category-uncategorized"],"yoast_head":"<!-- This site is optimized with the Yoast SEO plugin v19.13 - https:\/\/yoast.com\/wordpress\/plugins\/seo\/ -->\n<title>Jetzt gibt&#039;s endlich den Impulsvortrag f\u00fcr Eltern! - Friede, Freude, Kindheit<\/title>\n<meta name=\"description\" content=\"Anti-Mobbing Kurs und Elternvortrag Friede, Freude, Kindheit\" \/>\n<meta name=\"robots\" content=\"index, follow, max-snippet:-1, max-image-preview:large, max-video-preview:-1\" \/>\n<link rel=\"canonical\" href=\"https:\/\/friede-freude-kindheit.de\/?p=396\" \/>\n<meta property=\"og:locale\" content=\"de_DE\" \/>\n<meta property=\"og:type\" content=\"article\" \/>\n<meta property=\"og:title\" content=\"Jetzt gibt&#039;s endlich den Impulsvortrag f\u00fcr Eltern! - Friede, Freude, Kindheit\" \/>\n<meta property=\"og:description\" content=\"Anti-Mobbing Kurs und Elternvortrag Friede, Freude, Kindheit\" \/>\n<meta property=\"og:url\" content=\"https:\/\/friede-freude-kindheit.de\/?p=396\" \/>\n<meta property=\"og:site_name\" content=\"Friede, Freude, Kindheit\" \/>\n<meta property=\"article:published_time\" content=\"2024-01-06T10:56:13+00:00\" \/>\n<meta property=\"article:modified_time\" content=\"2024-01-06T10:58:38+00:00\" \/>\n<meta name=\"author\" content=\"admin\" \/>\n<meta name=\"twitter:card\" content=\"summary_large_image\" \/>\n<meta name=\"twitter:label1\" content=\"Verfasst von\" \/>\n\t<meta name=\"twitter:data1\" content=\"admin\" \/>\n\t<meta name=\"twitter:label2\" content=\"Gesch\u00e4tzte Lesezeit\" \/>\n\t<meta name=\"twitter:data2\" content=\"1\u00a0Minute\" \/>\n<script type=\"application\/ld+json\" class=\"yoast-schema-graph\">{\"@context\":\"https:\/\/schema.org\",\"@graph\":[{\"@type\":\"WebPage\",\"@id\":\"https:\/\/friede-freude-kindheit.de\/?p=396\",\"url\":\"https:\/\/friede-freude-kindheit.de\/?p=396\",\"name\":\"Jetzt gibt's endlich den Impulsvortrag f\u00fcr Eltern! - Friede, Freude, Kindheit\",\"isPartOf\":{\"@id\":\"https:\/\/friede-freude-kindheit.de\/#website\"},\"datePublished\":\"2024-01-06T10:56:13+00:00\",\"dateModified\":\"2024-01-06T10:58:38+00:00\",\"author\":{\"@id\":\"https:\/\/friede-freude-kindheit.de\/#\/schema\/person\/299cf7d68533d8396cf1b2beffa2abc2\"},\"description\":\"Anti-Mobbing Kurs und Elternvortrag Friede, Freude, Kindheit\",\"breadcrumb\":{\"@id\":\"https:\/\/friede-freude-kindheit.de\/?p=396#breadcrumb\"},\"inLanguage\":\"de\",\"potentialAction\":[{\"@type\":\"ReadAction\",\"target\":[\"https:\/\/friede-freude-kindheit.de\/?p=396\"]}]},{\"@type\":\"BreadcrumbList\",\"@id\":\"https:\/\/friede-freude-kindheit.de\/?p=396#breadcrumb\",\"itemListElement\":[{\"@type\":\"ListItem\",\"position\":1,\"name\":\"Startseite\",\"item\":\"https:\/\/friede-freude-kindheit.de\/\"},{\"@type\":\"ListItem\",\"position\":2,\"name\":\"Jetzt gibt&#8217;s endlich den Impulsvortrag f\u00fcr Eltern!\"}]},{\"@type\":\"WebSite\",\"@id\":\"https:\/\/friede-freude-kindheit.de\/#website\",\"url\":\"https:\/\/friede-freude-kindheit.de\/\",\"name\":\"Friede, Freude, Kindheit\",\"description\":\"Anti-Mobbing-Training mal anders\",\"potentialAction\":[{\"@type\":\"SearchAction\",\"target\":{\"@type\":\"EntryPoint\",\"urlTemplate\":\"https:\/\/friede-freude-kindheit.de\/?s={search_term_string}\"},\"query-input\":\"required name=search_term_string\"}],\"inLanguage\":\"de\"},{\"@type\":\"Person\",\"@id\":\"https:\/\/friede-freude-kindheit.de\/#\/schema\/person\/299cf7d68533d8396cf1b2beffa2abc2\",\"name\":\"admin\",\"image\":{\"@type\":\"ImageObject\",\"inLanguage\":\"de\",\"@id\":\"https:\/\/friede-freude-kindheit.de\/#\/schema\/person\/image\/\",\"url\":\"https:\/\/secure.gravatar.com\/avatar\/ed1211396feb3046257b293f297d8090a8a0c9abb3efe15b814d341c59d3872e?s=96&d=mm&r=g\",\"contentUrl\":\"https:\/\/secure.gravatar.com\/avatar\/ed1211396feb3046257b293f297d8090a8a0c9abb3efe15b814d341c59d3872e?s=96&d=mm&r=g\",\"caption\":\"admin\"},\"url\":\"https:\/\/friede-freude-kindheit.de\/?author=1\"}]}<\/script>\n<!-- \/ Yoast SEO plugin. -->","yoast_head_json":{"title":"Jetzt gibt's endlich den Impulsvortrag f\u00fcr Eltern! - Friede, Freude, Kindheit","description":"Anti-Mobbing Kurs und Elternvortrag Friede, Freude, Kindheit","robots":{"index":"index","follow":"follow","max-snippet":"max-snippet:-1","max-image-preview":"max-image-preview:large","max-video-preview":"max-video-preview:-1"},"canonical":"https:\/\/friede-freude-kindheit.de\/?p=396","og_locale":"de_DE","og_type":"article","og_title":"Jetzt gibt's endlich den Impulsvortrag f\u00fcr Eltern! - Friede, Freude, Kindheit","og_description":"Anti-Mobbing Kurs und Elternvortrag Friede, Freude, Kindheit","og_url":"https:\/\/friede-freude-kindheit.de\/?p=396","og_site_name":"Friede, Freude, Kindheit","article_published_time":"2024-01-06T10:56:13+00:00","article_modified_time":"2024-01-06T10:58:38+00:00","author":"admin","twitter_card":"summary_large_image","twitter_misc":{"Verfasst von":"admin","Gesch\u00e4tzte Lesezeit":"1\u00a0Minute"},"schema":{"@context":"https:\/\/schema.org","@graph":[{"@type":"WebPage","@id":"https:\/\/friede-freude-kindheit.de\/?p=396","url":"https:\/\/friede-freude-kindheit.de\/?p=396","name":"Jetzt gibt's endlich den Impulsvortrag f\u00fcr Eltern! - Friede, Freude, Kindheit","isPartOf":{"@id":"https:\/\/friede-freude-kindheit.de\/#website"},"datePublished":"2024-01-06T10:56:13+00:00","dateModified":"2024-01-06T10:58:38+00:00","author":{"@id":"https:\/\/friede-freude-kindheit.de\/#\/schema\/person\/299cf7d68533d8396cf1b2beffa2abc2"},"description":"Anti-Mobbing Kurs und Elternvortrag Friede, Freude, Kindheit","breadcrumb":{"@id":"https:\/\/friede-freude-kindheit.de\/?p=396#breadcrumb"},"inLanguage":"de","potentialAction":[{"@type":"ReadAction","target":["https:\/\/friede-freude-kindheit.de\/?p=396"]}]},{"@type":"BreadcrumbList","@id":"https:\/\/friede-freude-kindheit.de\/?p=396#breadcrumb","itemListElement":[{"@type":"ListItem","position":1,"name":"Startseite","item":"https:\/\/friede-freude-kindheit.de\/"},{"@type":"ListItem","position":2,"name":"Jetzt gibt&#8217;s endlich den Impulsvortrag f\u00fcr Eltern!"}]},{"@type":"WebSite","@id":"https:\/\/friede-freude-kindheit.de\/#website","url":"https:\/\/friede-freude-kindheit.de\/","name":"Friede, Freude, Kindheit","description":"Anti-Mobbing-Training mal anders","potentialAction":[{"@type":"SearchAction","target":{"@type":"EntryPoint","urlTemplate":"https:\/\/friede-freude-kindheit.de\/?s={search_term_string}"},"query-input":"required name=search_term_string"}],"inLanguage":"de"},{"@type":"Person","@id":"https:\/\/friede-freude-kindheit.de\/#\/schema\/person\/299cf7d68533d8396cf1b2beffa2abc2","name":"admin","image":{"@type":"ImageObject","inLanguage":"de","@id":"https:\/\/friede-freude-kindheit.de\/#\/schema\/person\/image\/","url":"https:\/\/secure.gravatar.com\/avatar\/ed1211396feb3046257b293f297d8090a8a0c9abb3efe15b814d341c59d3872e?s=96&d=mm&r=g","contentUrl":"https:\/\/secure.gravatar.com\/avatar\/ed1211396feb3046257b293f297d8090a8a0c9abb3efe15b814d341c59d3872e?s=96&d=mm&r=g","caption":"admin"},"url":"https:\/\/friede-freude-kindheit.de\/?author=1"}]}},"_links":{"self":[{"href":"https:\/\/friede-freude-kindheit.de\/index.php?rest_route=\/wp\/v2\/posts\/396","targetHints":{"allow":["GET"]}}],"collection":[{"href":"https:\/\/friede-freude-kindheit.de\/index.php?rest_route=\/wp\/v2\/posts"}],"about":[{"href":"https:\/\/friede-freude-kindheit.de\/index.php?rest_route=\/wp\/v2\/types\/post"}],"author":[{"embeddable":true,"href":"https:\/\/friede-freude-kindheit.de\/index.php?rest_route=\/wp\/v2\/users\/1"}],"replies":[{"embeddable":true,"href":"https:\/\/friede-freude-kindheit.de\/index.php?rest_route=%2Fwp%2Fv2%2Fcomments&post=396"}],"version-history":[{"count":2,"href":"https:\/\/friede-freude-kindheit.de\/index.php?rest_route=\/wp\/v2\/posts\/396\/revisions"}],"predecessor-version":[{"id":399,"href":"https:\/\/friede-freude-kindheit.de\/index.php?rest_route=\/wp\/v2\/posts\/396\/revisions\/399"}],"wp:attachment":[{"href":"https:\/\/friede-freude-kindheit.de\/index.php?rest_route=%2Fwp%2Fv2%2Fmedia&parent=396"}],"wp:term":[{"taxonomy":"category","embeddable":true,"href":"https:\/\/friede-freude-kindheit.de\/index.php?rest_route=%2Fwp%2Fv2%2Fcategories&post=396"},{"taxonomy":"post_tag","embeddable":true,"href":"https:\/\/friede-freude-kindheit.de\/index.php?rest_route=%2Fwp%2Fv2%2Ftags&post=396"}],"curies":[{"name":"wp","href":"https:\/\/api.w.org\/{rel}","templated":true}]}}