{"id":407,"date":"2026-09-04T08:44:42","date_gmt":"2026-09-04T08:44:42","guid":{"rendered":"https:\/\/friede-freude-kindheit.de\/?p=407"},"modified":"2026-09-04T08:44:43","modified_gmt":"2026-09-04T08:44:43","slug":"aktuelle-kurse","status":"publish","type":"post","link":"https:\/\/friede-freude-kindheit.de\/?p=407","title":{"rendered":"Aktuelle Kurse"},"content":{"rendered":"\n<p class=\"wp-block-paragraph\">Es gibt noch ein paar Pl\u00e4tze in folgenden Kursen: <br>Sa. 19. September <br>Sa. 10. Oktober <br>Sa. 07. November <br>Jeweils von 10:00-14:00. <br>Sie finden in den R\u00e4umen der FeG Br\u00fchl statt &#8211; sind aber Kirchen unabh\u00e4ngig..<br>Zur Anmeldung oder Fragen schreibt mich gern per WhatsApp oder \u00fcber das Kontaktformular an..<br>Ich freu mich drauf..<\/p>\n","protected":false},"excerpt":{"rendered":"<p>Es gibt noch ein paar Pl\u00e4tze in folgenden Kursen: Sa. 19. September Sa. 10. Oktober Sa. 07. November Jeweils von 10:00-14:00. Sie finden in den R\u00e4umen der FeG Br\u00fchl statt &#8211; sind aber Kirchen unabh\u00e4ngig..Zur Anmeldung oder Fragen schreibt mich [&hellip;]<\/p>\n","protected":false},"author":1,"featured_media":0,"comment_status":"open","ping_status":"open","sticky":false,"template":"","format":"standard","meta":{"footnotes":""},"categories":[1],"tags":[],"class_list":["post-407","post","type-post","status-publish","format-standard","hentry","category-uncategorized"],"yoast_head":"<!-- This site is optimized with the Yoast SEO plugin v19.13 - https:\/\/yoast.com\/wordpress\/plugins\/seo\/ -->\n<title>Aktuelle Kurse - Friede, Freude, Kindheit<\/title>\n<meta name=\"robots\" content=\"index, follow, max-snippet:-1, max-image-preview:large, max-video-preview:-1\" \/>\n<link rel=\"canonical\" href=\"https:\/\/friede-freude-kindheit.de\/?p=407\" \/>\n<meta property=\"og:locale\" content=\"de_DE\" \/>\n<meta property=\"og:type\" content=\"article\" \/>\n<meta property=\"og:title\" content=\"Aktuelle Kurse - Friede, Freude, Kindheit\" \/>\n<meta property=\"og:description\" content=\"Es gibt noch ein paar Pl\u00e4tze in folgenden Kursen: Sa. 19. September Sa. 10. Oktober Sa. 07. November Jeweils von 10:00-14:00. Sie finden in den R\u00e4umen der FeG Br\u00fchl statt &#8211; sind aber Kirchen unabh\u00e4ngig..Zur Anmeldung oder Fragen schreibt mich [&hellip;]\" \/>\n<meta property=\"og:url\" content=\"https:\/\/friede-freude-kindheit.de\/?p=407\" \/>\n<meta property=\"og:site_name\" content=\"Friede, Freude, Kindheit\" \/>\n<meta property=\"article:published_time\" content=\"2026-09-04T08:44:42+00:00\" \/>\n<meta property=\"article:modified_time\" content=\"2026-09-04T08:44:43+00:00\" \/>\n<meta name=\"author\" content=\"admin\" \/>\n<meta name=\"twitter:card\" content=\"summary_large_image\" \/>\n<meta name=\"twitter:label1\" content=\"Verfasst von\" \/>\n\t<meta name=\"twitter:data1\" content=\"admin\" \/>\n<script type=\"application\/ld+json\" class=\"yoast-schema-graph\">{\"@context\":\"https:\/\/schema.org\",\"@graph\":[{\"@type\":\"WebPage\",\"@id\":\"https:\/\/friede-freude-kindheit.de\/?p=407\",\"url\":\"https:\/\/friede-freude-kindheit.de\/?p=407\",\"name\":\"Aktuelle Kurse - Friede, Freude, Kindheit\",\"isPartOf\":{\"@id\":\"https:\/\/friede-freude-kindheit.de\/#website\"},\"datePublished\":\"2026-09-04T08:44:42+00:00\",\"dateModified\":\"2026-09-04T08:44:43+00:00\",\"author\":{\"@id\":\"https:\/\/friede-freude-kindheit.de\/#\/schema\/person\/299cf7d68533d8396cf1b2beffa2abc2\"},\"breadcrumb\":{\"@id\":\"https:\/\/friede-freude-kindheit.de\/?p=407#breadcrumb\"},\"inLanguage\":\"de\",\"potentialAction\":[{\"@type\":\"ReadAction\",\"target\":[\"https:\/\/friede-freude-kindheit.de\/?p=407\"]}]},{\"@type\":\"BreadcrumbList\",\"@id\":\"https:\/\/friede-freude-kindheit.de\/?p=407#breadcrumb\",\"itemListElement\":[{\"@type\":\"ListItem\",\"position\":1,\"name\":\"Startseite\",\"item\":\"https:\/\/friede-freude-kindheit.de\/\"},{\"@type\":\"ListItem\",\"position\":2,\"name\":\"Aktuelle Kurse\"}]},{\"@type\":\"WebSite\",\"@id\":\"https:\/\/friede-freude-kindheit.de\/#website\",\"url\":\"https:\/\/friede-freude-kindheit.de\/\",\"name\":\"Friede, Freude, Kindheit\",\"description\":\"Anti-Mobbing-Training mal anders\",\"potentialAction\":[{\"@type\":\"SearchAction\",\"target\":{\"@type\":\"EntryPoint\",\"urlTemplate\":\"https:\/\/friede-freude-kindheit.de\/?s={search_term_string}\"},\"query-input\":\"required name=search_term_string\"}],\"inLanguage\":\"de\"},{\"@type\":\"Person\",\"@id\":\"https:\/\/friede-freude-kindheit.de\/#\/schema\/person\/299cf7d68533d8396cf1b2beffa2abc2\",\"name\":\"admin\",\"image\":{\"@type\":\"ImageObject\",\"inLanguage\":\"de\",\"@id\":\"https:\/\/friede-freude-kindheit.de\/#\/schema\/person\/image\/\",\"url\":\"https:\/\/secure.gravatar.com\/avatar\/ed1211396feb3046257b293f297d8090a8a0c9abb3efe15b814d341c59d3872e?s=96&d=mm&r=g\",\"contentUrl\":\"https:\/\/secure.gravatar.com\/avatar\/ed1211396feb3046257b293f297d8090a8a0c9abb3efe15b814d341c59d3872e?s=96&d=mm&r=g\",\"caption\":\"admin\"},\"url\":\"https:\/\/friede-freude-kindheit.de\/?author=1\"}]}<\/script>\n<!-- \/ Yoast SEO plugin. -->","yoast_head_json":{"title":"Aktuelle Kurse - Friede, Freude, Kindheit","robots":{"index":"index","follow":"follow","max-snippet":"max-snippet:-1","max-image-preview":"max-image-preview:large","max-video-preview":"max-video-preview:-1"},"canonical":"https:\/\/friede-freude-kindheit.de\/?p=407","og_locale":"de_DE","og_type":"article","og_title":"Aktuelle Kurse - Friede, Freude, Kindheit","og_description":"Es gibt noch ein paar Pl\u00e4tze in folgenden Kursen: Sa. 19. September Sa. 10. Oktober Sa. 07. November Jeweils von 10:00-14:00. Sie finden in den R\u00e4umen der FeG Br\u00fchl statt &#8211; sind aber Kirchen unabh\u00e4ngig..Zur Anmeldung oder Fragen schreibt mich [&hellip;]","og_url":"https:\/\/friede-freude-kindheit.de\/?p=407","og_site_name":"Friede, Freude, Kindheit","article_published_time":"2026-09-04T08:44:42+00:00","article_modified_time":"2026-09-04T08:44:43+00:00","author":"admin","twitter_card":"summary_large_image","twitter_misc":{"Verfasst von":"admin"},"schema":{"@context":"https:\/\/schema.org","@graph":[{"@type":"WebPage","@id":"https:\/\/friede-freude-kindheit.de\/?p=407","url":"https:\/\/friede-freude-kindheit.de\/?p=407","name":"Aktuelle Kurse - Friede, Freude, Kindheit","isPartOf":{"@id":"https:\/\/friede-freude-kindheit.de\/#website"},"datePublished":"2026-09-04T08:44:42+00:00","dateModified":"2026-09-04T08:44:43+00:00","author":{"@id":"https:\/\/friede-freude-kindheit.de\/#\/schema\/person\/299cf7d68533d8396cf1b2beffa2abc2"},"breadcrumb":{"@id":"https:\/\/friede-freude-kindheit.de\/?p=407#breadcrumb"},"inLanguage":"de","potentialAction":[{"@type":"ReadAction","target":["https:\/\/friede-freude-kindheit.de\/?p=407"]}]},{"@type":"BreadcrumbList","@id":"https:\/\/friede-freude-kindheit.de\/?p=407#breadcrumb","itemListElement":[{"@type":"ListItem","position":1,"name":"Startseite","item":"https:\/\/friede-freude-kindheit.de\/"},{"@type":"ListItem","position":2,"name":"Aktuelle Kurse"}]},{"@type":"WebSite","@id":"https:\/\/friede-freude-kindheit.de\/#website","url":"https:\/\/friede-freude-kindheit.de\/","name":"Friede, Freude, Kindheit","description":"Anti-Mobbing-Training mal anders","potentialAction":[{"@type":"SearchAction","target":{"@type":"EntryPoint","urlTemplate":"https:\/\/friede-freude-kindheit.de\/?s={search_term_string}"},"query-input":"required name=search_term_string"}],"inLanguage":"de"},{"@type":"Person","@id":"https:\/\/friede-freude-kindheit.de\/#\/schema\/person\/299cf7d68533d8396cf1b2beffa2abc2","name":"admin","image":{"@type":"ImageObject","inLanguage":"de","@id":"https:\/\/friede-freude-kindheit.de\/#\/schema\/person\/image\/","url":"https:\/\/secure.gravatar.com\/avatar\/ed1211396feb3046257b293f297d8090a8a0c9abb3efe15b814d341c59d3872e?s=96&d=mm&r=g","contentUrl":"https:\/\/secure.gravatar.com\/avatar\/ed1211396feb3046257b293f297d8090a8a0c9abb3efe15b814d341c59d3872e?s=96&d=mm&r=g","caption":"admin"},"url":"https:\/\/friede-freude-kindheit.de\/?author=1"}]}},"_links":{"self":[{"href":"https:\/\/friede-freude-kindheit.de\/index.php?rest_route=\/wp\/v2\/posts\/407","targetHints":{"allow":["GET"]}}],"collection":[{"href":"https:\/\/friede-freude-kindheit.de\/index.php?rest_route=\/wp\/v2\/posts"}],"about":[{"href":"https:\/\/friede-freude-kindheit.de\/index.php?rest_route=\/wp\/v2\/types\/post"}],"author":[{"embeddable":true,"href":"https:\/\/friede-freude-kindheit.de\/index.php?rest_route=\/wp\/v2\/users\/1"}],"replies":[{"embeddable":true,"href":"https:\/\/friede-freude-kindheit.de\/index.php?rest_route=%2Fwp%2Fv2%2Fcomments&post=407"}],"version-history":[{"count":2,"href":"https:\/\/friede-freude-kindheit.de\/index.php?rest_route=\/wp\/v2\/posts\/407\/revisions"}],"predecessor-version":[{"id":471,"href":"https:\/\/friede-freude-kindheit.de\/index.php?rest_route=\/wp\/v2\/posts\/407\/revisions\/471"}],"wp:attachment":[{"href":"https:\/\/friede-freude-kindheit.de\/index.php?rest_route=%2Fwp%2Fv2%2Fmedia&parent=407"}],"wp:term":[{"taxonomy":"category","embeddable":true,"href":"https:\/\/friede-freude-kindheit.de\/index.php?rest_route=%2Fwp%2Fv2%2Fcategories&post=407"},{"taxonomy":"post_tag","embeddable":true,"href":"https:\/\/friede-freude-kindheit.de\/index.php?rest_route=%2Fwp%2Fv2%2Ftags&post=407"}],"curies":[{"name":"wp","href":"https:\/\/api.w.org\/{rel}","templated":true}]}}